{"id":103152,"date":"2026-04-26T08:00:00","date_gmt":"2026-04-26T07:00:00","guid":{"rendered":"https:\/\/cargad.com\/?p=103152"},"modified":"2026-04-25T18:57:09","modified_gmt":"2026-04-25T17:57:09","slug":"hobby-escalada-invitada-abril-2-joserra","status":"publish","type":"post","link":"https:\/\/cargad.com\/index.php\/2026\/04\/26\/hobby-escalada-invitada-abril-2-joserra\/","title":{"rendered":"[Hobby] Escalada Invitada \u2013 Abril 2 \u2013 Joserra"},"content":{"rendered":"\n<figure class=\"wp-block-image\"><a class=\"fancybox image\" href=\"https:\/\/cargad.com\/wp-content\/uploads\/2021\/04\/escalada-banner.jpg\"><img decoding=\"async\" src=\"https:\/\/cargad.com\/wp-content\/uploads\/2021\/04\/escalada-banner.jpg\" alt=\"\"\/><\/a><\/figure>\n\n\n\n<p>Saludos, manchadores de figuritas. Os dejo con la escalada de&nbsp;<strong><em><strong><em>Joserra<\/em><\/strong><\/em><\/strong>, que nos trae cosicas pintadas.<\/p>\n\n\n\n<p>Buenas, estimados y sufridos lectores. Empieza abril, estamos en medio de Semana Santa y toca hacer la escalada de marzo.<\/p>\n\n\n\n<p>Como veis, 10 miniaturas pintadas (y alg\u00fan trocito m\u00e1s como luego veremos). Objetivo cumplido. Pero es que adem\u00e1s he montado, barnizado, preparado e imprimado muchas miniaturas (este a\u00f1o est\u00e1 siendo especialmente prol\u00edfico en esto).<\/p>\n\n\n\n<p>Pero vayamos por objetivos, al haber pasado el primer trimestre deber\u00edan estar todos al 25%:<\/p>\n\n\n\n<figure class=\"wp-block-image size-large\"><a href=\"https:\/\/cargad.com\/wp-content\/uploads\/2026\/04\/Imagen_1-1.jpg\"><img loading=\"lazy\" decoding=\"async\" width=\"1024\" height=\"280\" src=\"https:\/\/cargad.com\/wp-content\/uploads\/2026\/04\/Imagen_1-1.jpg\" alt=\"\" class=\"wp-image-103153\" srcset=\"https:\/\/cargad.com\/wp-content\/uploads\/2026\/04\/Imagen_1-1.jpg 1024w, https:\/\/cargad.com\/wp-content\/uploads\/2026\/04\/Imagen_1-1-300x82.jpg 300w, https:\/\/cargad.com\/wp-content\/uploads\/2026\/04\/Imagen_1-1-150x41.jpg 150w\" sizes=\"auto, (max-width: 1024px) 100vw, 1024px\" \/><\/a><\/figure>\n\n\n\n<!--more-->\n\n\n\n<p><strong><u>Bretonia<\/u><\/strong>: 2 miniaturas y de objetivos, un caballero de tercera edici\u00f3n y otro de sexta. Poco misterio, esta gama de colores que veis van a ser una constante este a\u00f1o juntos con los azules, para pintar algo en cadena. El de sexta es para el viejo mundo y es un caballero con una cabeza de infanter\u00eda, la idea es que sean caballeros noveles o de los reinos fronterizos, y los cascos de campesinos hacen que sean visualmente diferentes del resto de caballeros del reino, como ha pasado la prueba ver\u00e9is el resto de los 5 caballeros de esta unidad en los pr\u00f3ximos meses. En total 5 de 30, un 16.67%. con un mes de retraso, pero dado que casi todo lo que voy pintando es caballer\u00eda, voy bien.<\/p>\n\n\n\n<figure class=\"wp-block-image size-large\"><a href=\"https:\/\/cargad.com\/wp-content\/uploads\/2026\/04\/Imagen_2-1.jpg\"><img loading=\"lazy\" decoding=\"async\" width=\"1024\" height=\"614\" src=\"https:\/\/cargad.com\/wp-content\/uploads\/2026\/04\/Imagen_2-1.jpg\" alt=\"\" class=\"wp-image-103159\" srcset=\"https:\/\/cargad.com\/wp-content\/uploads\/2026\/04\/Imagen_2-1.jpg 1024w, https:\/\/cargad.com\/wp-content\/uploads\/2026\/04\/Imagen_2-1-300x180.jpg 300w, https:\/\/cargad.com\/wp-content\/uploads\/2026\/04\/Imagen_2-1-150x90.jpg 150w\" sizes=\"auto, (max-width: 1024px) 100vw, 1024px\" \/><\/a><\/figure>\n\n\n\n<figure class=\"wp-block-image size-large\"><a href=\"https:\/\/cargad.com\/wp-content\/uploads\/2026\/04\/Imagen_3-1.jpg\"><img loading=\"lazy\" decoding=\"async\" width=\"1024\" height=\"611\" src=\"https:\/\/cargad.com\/wp-content\/uploads\/2026\/04\/Imagen_3-1.jpg\" alt=\"\" class=\"wp-image-103160\" srcset=\"https:\/\/cargad.com\/wp-content\/uploads\/2026\/04\/Imagen_3-1.jpg 1024w, https:\/\/cargad.com\/wp-content\/uploads\/2026\/04\/Imagen_3-1-300x179.jpg 300w, https:\/\/cargad.com\/wp-content\/uploads\/2026\/04\/Imagen_3-1-150x90.jpg 150w\" sizes=\"auto, (max-width: 1024px) 100vw, 1024px\" \/><\/a><\/figure>\n\n\n\n<p><strong><u>Se\u00f1or de los anillos<\/u><\/strong>: 4 miniaturas y de objetivos. 4 dunledinos, se han pintado bien y para variar han venido muy bien, en total 4 de 10, objetivo que pasa a verde.<\/p>\n\n\n\n<figure class=\"wp-block-image size-large\"><a href=\"https:\/\/cargad.com\/wp-content\/uploads\/2026\/04\/Imagen_4-1.jpg\"><img loading=\"lazy\" decoding=\"async\" width=\"1024\" height=\"469\" src=\"https:\/\/cargad.com\/wp-content\/uploads\/2026\/04\/Imagen_4-1.jpg\" alt=\"\" class=\"wp-image-103154\" srcset=\"https:\/\/cargad.com\/wp-content\/uploads\/2026\/04\/Imagen_4-1.jpg 1024w, https:\/\/cargad.com\/wp-content\/uploads\/2026\/04\/Imagen_4-1-300x137.jpg 300w, https:\/\/cargad.com\/wp-content\/uploads\/2026\/04\/Imagen_4-1-150x69.jpg 150w\" sizes=\"auto, (max-width: 1024px) 100vw, 1024px\" \/><\/a><\/figure>\n\n\n\n<figure class=\"wp-block-image size-large\"><a href=\"https:\/\/cargad.com\/wp-content\/uploads\/2026\/04\/Imagen_5-1.jpg\"><img loading=\"lazy\" decoding=\"async\" width=\"1024\" height=\"399\" src=\"https:\/\/cargad.com\/wp-content\/uploads\/2026\/04\/Imagen_5-1.jpg\" alt=\"\" class=\"wp-image-103156\" srcset=\"https:\/\/cargad.com\/wp-content\/uploads\/2026\/04\/Imagen_5-1.jpg 1024w, https:\/\/cargad.com\/wp-content\/uploads\/2026\/04\/Imagen_5-1-300x117.jpg 300w, https:\/\/cargad.com\/wp-content\/uploads\/2026\/04\/Imagen_5-1-150x58.jpg 150w\" sizes=\"auto, (max-width: 1024px) 100vw, 1024px\" \/><\/a><\/figure>\n\n\n\n<p><strong><u>\u00c1ngeles Oscuros<\/u><\/strong>: 4 miniaturas (y una espada de energ\u00eda), todas de objetivo. Ten\u00eda pintado de hace un par de a\u00f1os un Reiver por si me animaba a pintar kill team y este a\u00f1o he aprovechado para pintar el resto de la escuadra. Son los de montado f\u00e1cil con alguna pieza extra cortes\u00eda de mi tienda de confianza (El Orco Rojo). As\u00ed no se aprecia casi que hay modelos repetidos. Adem\u00e1s, como veremos abajo, he montado 15 exterminadores y me sobr\u00f3 medio brazo con espada de energ\u00eda, aprovechando que ten\u00eda una mano cerrada en la caja de restos cambie la espada de este sargento (era una de un sigmarine) por una propia de energ\u00eda.<\/p>\n\n\n\n<figure class=\"wp-block-image size-large\"><a href=\"https:\/\/cargad.com\/wp-content\/uploads\/2026\/04\/Imagen_6-1.jpg\"><img loading=\"lazy\" decoding=\"async\" width=\"1024\" height=\"266\" src=\"https:\/\/cargad.com\/wp-content\/uploads\/2026\/04\/Imagen_6-1.jpg\" alt=\"\" class=\"wp-image-103155\" srcset=\"https:\/\/cargad.com\/wp-content\/uploads\/2026\/04\/Imagen_6-1.jpg 1024w, https:\/\/cargad.com\/wp-content\/uploads\/2026\/04\/Imagen_6-1-300x78.jpg 300w, https:\/\/cargad.com\/wp-content\/uploads\/2026\/04\/Imagen_6-1-150x39.jpg 150w\" sizes=\"auto, (max-width: 1024px) 100vw, 1024px\" \/><\/a><\/figure>\n\n\n\n<figure class=\"wp-block-image size-large\"><a href=\"https:\/\/cargad.com\/wp-content\/uploads\/2026\/04\/Imagen_7-1.jpg\"><img loading=\"lazy\" decoding=\"async\" width=\"1024\" height=\"322\" src=\"https:\/\/cargad.com\/wp-content\/uploads\/2026\/04\/Imagen_7-1.jpg\" alt=\"\" class=\"wp-image-103158\" srcset=\"https:\/\/cargad.com\/wp-content\/uploads\/2026\/04\/Imagen_7-1.jpg 1024w, https:\/\/cargad.com\/wp-content\/uploads\/2026\/04\/Imagen_7-1-300x94.jpg 300w, https:\/\/cargad.com\/wp-content\/uploads\/2026\/04\/Imagen_7-1-150x47.jpg 150w\" sizes=\"auto, (max-width: 1024px) 100vw, 1024px\" \/><\/a><\/figure>\n\n\n\n<p>En este caso la hice \u201capagada\u201d, os pongo la imagen en comparaci\u00f3n con una \u201cencendida\u201d. Me ha gustado como me ha quedado. En total 5 de 25, un 20%, en rojo, pero va bien (tengo preparadas miniaturas para pintar este a\u00f1o y el que viene).<\/p>\n\n\n\n<figure class=\"wp-block-image size-large\"><img loading=\"lazy\" decoding=\"async\" width=\"1024\" height=\"835\" src=\"https:\/\/cargad.com\/wp-content\/uploads\/2026\/04\/Imagen_8-1.jpg\" alt=\"\" class=\"wp-image-103157\" srcset=\"https:\/\/cargad.com\/wp-content\/uploads\/2026\/04\/Imagen_8-1.jpg 1024w, https:\/\/cargad.com\/wp-content\/uploads\/2026\/04\/Imagen_8-1-300x245.jpg 300w, https:\/\/cargad.com\/wp-content\/uploads\/2026\/04\/Imagen_8-1-150x122.jpg 150w\" sizes=\"auto, (max-width: 1024px) 100vw, 1024px\" \/><\/figure>\n\n\n\n<p><strong>Transformaciones<\/strong><\/p>\n\n\n\n<p>Otro mes que vuelve esta secci\u00f3n. Este mes aproveche para montar muchas miniaturas, entre ellas 15 exterminadores, 10 de montado f\u00e1cil y 5 multicomponente. Como tambi\u00e9n ten\u00eda una matriz de \u00e1ngeles oscuros, aproveche para intentar hacer que todos los modelos sean diferentes, y de paso poner las armas pesadas imantadas para poder variar.\u00a0 Tambi\u00e9n mont\u00e9 una unidad de caballeros del ala de la muerte y un sargento con piezas sobrantes y el capit\u00e1n exterminador para otra unidad.<\/p>\n\n\n\n<figure class=\"wp-block-image size-large\"><img loading=\"lazy\" decoding=\"async\" width=\"1024\" height=\"485\" src=\"https:\/\/cargad.com\/wp-content\/uploads\/2026\/04\/Imagen_9-1.jpg\" alt=\"\" class=\"wp-image-103161\" srcset=\"https:\/\/cargad.com\/wp-content\/uploads\/2026\/04\/Imagen_9-1.jpg 1024w, https:\/\/cargad.com\/wp-content\/uploads\/2026\/04\/Imagen_9-1-300x142.jpg 300w, https:\/\/cargad.com\/wp-content\/uploads\/2026\/04\/Imagen_9-1-150x71.jpg 150w\" sizes=\"auto, (max-width: 1024px) 100vw, 1024px\" \/><\/figure>\n\n\n\n<p>Adem\u00e1s, a estos supresores les hice una cabeza nueva. Los pill\u00f3 un amigo en un lote grande y los 2 de tropa ven\u00edan con una cabeza como de caballero gris, as\u00ed que con unas cabezas de intercesor a las que cambi\u00e9 el respirador y a\u00f1ad\u00ed el apuntador de la cabeza (estos los hice con masilla, clonando con pl\u00e1stico termofusible para hacer el molde, usando al cabeza del sargento y una de un infiltrador m\u00e9dico para hacer el molde). El respirador queda un pel\u00edn raro, pero espero que pintados no se note, adem\u00e1s a uno de los modelos le borre el sello de pureza y le a\u00f1ad\u00ed alguna cartuchera para diferenciarlos m\u00e1s. Del mismo lote ven\u00edan varios infiltradores con las cabezas de caballero gris y alguna pieza rota. Como ten\u00eda la matriz de montar 5 infiltradores\/incursores, los arregl\u00e9 y aprovech\u00e9 para montar este saboteador para kill team, a\u00fan tengo duda de si ponerle una capa ra\u00edda. Dado que he agotado mi masilla verde podre ir madurando la idea en lo que me llega.<\/p>\n\n\n\n<figure class=\"wp-block-image size-large\"><img loading=\"lazy\" decoding=\"async\" width=\"804\" height=\"1024\" src=\"https:\/\/cargad.com\/wp-content\/uploads\/2026\/04\/Imagen_10-804x1024.jpg\" alt=\"\" class=\"wp-image-103162\" srcset=\"https:\/\/cargad.com\/wp-content\/uploads\/2026\/04\/Imagen_10-804x1024.jpg 804w, https:\/\/cargad.com\/wp-content\/uploads\/2026\/04\/Imagen_10-235x300.jpg 235w, https:\/\/cargad.com\/wp-content\/uploads\/2026\/04\/Imagen_10-118x150.jpg 118w, https:\/\/cargad.com\/wp-content\/uploads\/2026\/04\/Imagen_10.jpg 1024w\" sizes=\"auto, (max-width: 804px) 100vw, 804px\" \/><\/figure>\n\n\n\n<p>Bueno, espero que os haya gustado, me despido y hasta otra. Saludetes.<\/p>\n\n\n\n<p><strong><em>\u00a1<\/em><\/strong><em>Gracias a&nbsp;Joserra&nbsp;por compartir su trabajo y aportar! Un saludo y disfruta pintando. Recuerda qu\u00e9, si quieres hacernos llegar tu trabajo, y aportar a las escaladas invitadas, puedes usar este enlace:&nbsp;<a href=\"mailto:cargad@gmail.com\" target=\"_blank\" rel=\"noreferrer noopener\">cargad@gmail.com<\/a><\/em><\/p>\n\n\n\n<p>Ea, a hacer cosas. Saludos y a pintar.<\/p>\n","protected":false},"excerpt":{"rendered":"<p>Saludos, manchadores de figuritas. Os dejo con la escalada de&nbsp;Joserra, que nos trae cosicas pintadas. Buenas, estimados y sufridos lectores. Empieza abril, estamos en medio de Semana Santa y toca hacer la escalada de marzo. Como veis, 10 miniaturas pintadas <a class=\"more-link\" href=\"https:\/\/cargad.com\/index.php\/2026\/04\/26\/hobby-escalada-invitada-abril-2-joserra\/\">Seguir leyendo <span class=\"screen-reader-text\">  [Hobby] Escalada Invitada \u2013 Abril 2 \u2013 Joserra<\/span><span class=\"meta-nav\">&rarr;<\/span><\/a><\/p>\n","protected":false},"author":840,"featured_media":103157,"comment_status":"open","ping_status":"open","sticky":false,"template":"","format":"standard","meta":{"om_disable_all_campaigns":false,"_monsterinsights_skip_tracking":false,"_monsterinsights_sitenote_active":false,"_monsterinsights_sitenote_note":"","_monsterinsights_sitenote_category":0,"_jetpack_memberships_contains_paid_content":false,"footnotes":""},"categories":[72],"tags":[3404,609,3406,1848,2466,450,2615,27,3405],"class_list":["post-103152","post","type-post","status-publish","format-standard","has-post-thumbnail","hentry","category-hobby","tag-angeles-oscuros-3","tag-bretonia","tag-dunlendinos","tag-escalada-invitada","tag-joserra","tag-marines-espaciales","tag-motivacion","tag-pintura","tag-senor-de-los-anillos"],"jetpack_featured_media_url":"https:\/\/cargad.com\/wp-content\/uploads\/2026\/04\/Imagen_8-1.jpg","jetpack_sharing_enabled":true,"jetpack_likes_enabled":true,"_links":{"self":[{"href":"https:\/\/cargad.com\/index.php\/wp-json\/wp\/v2\/posts\/103152","targetHints":{"allow":["GET"]}}],"collection":[{"href":"https:\/\/cargad.com\/index.php\/wp-json\/wp\/v2\/posts"}],"about":[{"href":"https:\/\/cargad.com\/index.php\/wp-json\/wp\/v2\/types\/post"}],"author":[{"embeddable":true,"href":"https:\/\/cargad.com\/index.php\/wp-json\/wp\/v2\/users\/840"}],"replies":[{"embeddable":true,"href":"https:\/\/cargad.com\/index.php\/wp-json\/wp\/v2\/comments?post=103152"}],"version-history":[{"count":1,"href":"https:\/\/cargad.com\/index.php\/wp-json\/wp\/v2\/posts\/103152\/revisions"}],"predecessor-version":[{"id":103163,"href":"https:\/\/cargad.com\/index.php\/wp-json\/wp\/v2\/posts\/103152\/revisions\/103163"}],"wp:featuredmedia":[{"embeddable":true,"href":"https:\/\/cargad.com\/index.php\/wp-json\/wp\/v2\/media\/103157"}],"wp:attachment":[{"href":"https:\/\/cargad.com\/index.php\/wp-json\/wp\/v2\/media?parent=103152"}],"wp:term":[{"taxonomy":"category","embeddable":true,"href":"https:\/\/cargad.com\/index.php\/wp-json\/wp\/v2\/categories?post=103152"},{"taxonomy":"post_tag","embeddable":true,"href":"https:\/\/cargad.com\/index.php\/wp-json\/wp\/v2\/tags?post=103152"}],"curies":[{"name":"wp","href":"https:\/\/api.w.org\/{rel}","templated":true}]}}