{"id":73725,"date":"2021-05-04T13:32:04","date_gmt":"2021-05-04T12:32:04","guid":{"rendered":"https:\/\/cargad.com\/?p=73725"},"modified":"2021-05-04T15:01:56","modified_gmt":"2021-05-04T14:01:56","slug":"actualidad-un-tal-kragnos-y-algo-mas","status":"publish","type":"post","link":"https:\/\/cargad.com\/index.php\/2021\/05\/04\/actualidad-un-tal-kragnos-y-algo-mas\/","title":{"rendered":"[Actualidad] Un tal Kragnos y algo m\u00e1s."},"content":{"rendered":"\n<figure class=\"wp-block-image size-large\"><img loading=\"lazy\" decoding=\"async\" width=\"1000\" height=\"1000\" src=\"https:\/\/cargad.com\/wp-content\/uploads\/2021\/05\/69ZJaZdSU4ErsnUz.jpg\" alt=\"\" class=\"wp-image-73726\" srcset=\"https:\/\/cargad.com\/wp-content\/uploads\/2021\/05\/69ZJaZdSU4ErsnUz.jpg 1000w, https:\/\/cargad.com\/wp-content\/uploads\/2021\/05\/69ZJaZdSU4ErsnUz-300x300.jpg 300w, https:\/\/cargad.com\/wp-content\/uploads\/2021\/05\/69ZJaZdSU4ErsnUz-150x150.jpg 150w\" sizes=\"auto, (max-width: 1000px) 100vw, 1000px\" \/><\/figure>\n\n\n\n<p>\u00bfQu\u00e9 tal compa\u00f1eros de Cargad? Pues como muchos sabr\u00e9is estamos en plena warhammer fest, lo que significa que habr\u00e1 una preview casi cada d\u00eda de la semana. En fin, supongo que toca comentar un poco lo <a href=\"https:\/\/www.warhammer-community.com\/2021\/05\/03\/warhammer-fest-online-day-1-warhammer-age-of-sigmar\/\" title=\"https:\/\/www.warhammer-community.com\/2021\/05\/03\/warhammer-fest-online-day-1-warhammer-age-of-sigmar\/\">visto ayer<\/a>, y dar mis impresiones.<\/p>\n\n\n\n<p>Advierto, no soy jugador de AoS, y aunque sigo las entradas de \u201c<a href=\"https:\/\/cargad.com\/index.php\/2021\/05\/02\/trasfondo-el-cuento-de-eones-parte-31\/\" title=\"https:\/\/cargad.com\/index.php\/2021\/05\/02\/trasfondo-el-cuento-de-eones-parte-31\/\">el cuento de los eones<\/a>\u201d de Felur con entusiasmo, realmente su trasfondo me importa bien poco. Lo digo, porque que no os extra\u00f1e si llamo a un ogro-vampiro-hombre lobo como gigante-vampiro, o lo que sea, cada vez sacan cosas mas raras, y cuanto m\u00e1s se alejan del viejo mundo, seguramente m\u00e1s impreciso ser\u00e9.<\/p>\n\n\n\n<p>Voy a limitarme a comentar mis impresiones personales, sobre las minis en s\u00ed, prescindiendo de la contextualizaci\u00f3n dentro del trasfondo que puedan tener. No se si Kragnos era un personaje que estaba desde el inicio de los tiempo en el trasfondo de AoS o ha salido ahora de repente, ni nada en general de las minis nuevas. &nbsp;<\/p>\n\n\n\n<p>Dicho esto, vayamos a la carga.<\/p>\n\n\n\n<!--more-->\n\n\n\n<p><strong><u>Kragnos.<\/u><\/strong><\/p>\n\n\n\n<p>Pues la primera sorpresa es Kragnos. Pues me gusta bastante, un aspecto muy salvaje y bestial. Me recuerda a los ogros shaggoth. Pues est\u00e1 genial, la verdad es que una miniatura bastante impresionante, y en la estanter\u00eda, pintada a un nivel decente, debe lucir bastante bien. Me gusta que sea sencillez, que no est\u00e9 lleno de cr\u00e1neos y trastos por ser un dios. Menos es m\u00e1s.<\/p>\n\n\n\n<figure class=\"wp-block-image size-large\"><img loading=\"lazy\" decoding=\"async\" width=\"1000\" height=\"1000\" src=\"https:\/\/cargad.com\/wp-content\/uploads\/2021\/05\/eaTtN7NJw1SBgzAE.jpg\" alt=\"\" class=\"wp-image-73727\" srcset=\"https:\/\/cargad.com\/wp-content\/uploads\/2021\/05\/eaTtN7NJw1SBgzAE.jpg 1000w, https:\/\/cargad.com\/wp-content\/uploads\/2021\/05\/eaTtN7NJw1SBgzAE-300x300.jpg 300w, https:\/\/cargad.com\/wp-content\/uploads\/2021\/05\/eaTtN7NJw1SBgzAE-150x150.jpg 150w\" sizes=\"auto, (max-width: 1000px) 100vw, 1000px\" \/><\/figure>\n\n\n\n<p>Como contras pondr\u00eda sus cuernos, as\u00ed como est\u00e1n esculpidos parecen m\u00e1s un mont\u00f3n de pelos mal engominados que cuernos. El concepto de que se bifurquen me parece genial, pero podr\u00edan haberlo esculpido de una forma, no s\u00e9, un poco diferente.<\/p>\n\n\n\n<figure class=\"wp-block-image size-large\"><img loading=\"lazy\" decoding=\"async\" width=\"1000\" height=\"1000\" src=\"https:\/\/cargad.com\/wp-content\/uploads\/2021\/05\/3CnFSdHAWV3fvf4K.jpg\" alt=\"\" class=\"wp-image-73728\" srcset=\"https:\/\/cargad.com\/wp-content\/uploads\/2021\/05\/3CnFSdHAWV3fvf4K.jpg 1000w, https:\/\/cargad.com\/wp-content\/uploads\/2021\/05\/3CnFSdHAWV3fvf4K-300x300.jpg 300w, https:\/\/cargad.com\/wp-content\/uploads\/2021\/05\/3CnFSdHAWV3fvf4K-150x150.jpg 150w\" sizes=\"auto, (max-width: 1000px) 100vw, 1000px\" \/><\/figure>\n\n\n\n<p>Tambi\u00e9n me hace gracia el mini altar que tiene en la base, desentona un huevo con la mini la verdad. Si todo estuviera lleno de huesos y cad\u00e1veres, pues mira, pero que justo en una esquina haya un mont\u00f3n de huesos con una espada, pues la verdad, como que queda raro.<\/p>\n\n\n\n<p>Me mola que la roca est\u00e9 partida, como si le hubiera dado una patada tan grande que la hubiera destrozado. Me parece un detalle gracioso.<\/p>\n\n\n\n<figure class=\"wp-block-image size-large\"><img loading=\"lazy\" decoding=\"async\" width=\"1000\" height=\"573\" src=\"https:\/\/cargad.com\/wp-content\/uploads\/2021\/05\/TF9lf1vvTrQ8vrHO.jpg\" alt=\"\" class=\"wp-image-73729\" srcset=\"https:\/\/cargad.com\/wp-content\/uploads\/2021\/05\/TF9lf1vvTrQ8vrHO.jpg 1000w, https:\/\/cargad.com\/wp-content\/uploads\/2021\/05\/TF9lf1vvTrQ8vrHO-300x172.jpg 300w, https:\/\/cargad.com\/wp-content\/uploads\/2021\/05\/TF9lf1vvTrQ8vrHO-150x86.jpg 150w\" sizes=\"auto, (max-width: 1000px) 100vw, 1000px\" \/><\/figure>\n\n\n\n<p>&nbsp;La verdad es que es un miniaturon en cuanto a tama\u00f1o. La primera foto enga\u00f1a, parece tama\u00f1o ogro shaggoth, quiz\u00e1s un poco m\u00e1s grande, pero claro, es un dios. En la foto que lo muestran a escala da miedo, es decir \u00bfeso de detr\u00e1s no es un behemoth? lo que tiene al lado es un ogro montado en mamut (no s\u00e9 c\u00f3mo se llamaba el bestiajo de los ogros), es decir, claro est\u00e1 que la perspectiva y tal puede enga\u00f1ar, pero les saca como dos cabezas.<\/p>\n\n\n\n<p><strong><u>Lauka y Vai<\/u><\/strong><\/p>\n\n\n\n<p>La segunda novedad importante es que llegan nuevas minis para la facci\u00f3n nueva. Era algo esperable.<\/p>\n\n\n\n<figure class=\"wp-block-image size-large\"><img loading=\"lazy\" decoding=\"async\" width=\"1000\" height=\"1000\" src=\"https:\/\/cargad.com\/wp-content\/uploads\/2021\/05\/tNLjWDScoBFYgbA5.jpg\" alt=\"\" class=\"wp-image-73730\" srcset=\"https:\/\/cargad.com\/wp-content\/uploads\/2021\/05\/tNLjWDScoBFYgbA5.jpg 1000w, https:\/\/cargad.com\/wp-content\/uploads\/2021\/05\/tNLjWDScoBFYgbA5-300x300.jpg 300w, https:\/\/cargad.com\/wp-content\/uploads\/2021\/05\/tNLjWDScoBFYgbA5-150x150.jpg 150w\" sizes=\"auto, (max-width: 1000px) 100vw, 1000px\" \/><\/figure>\n\n\n\n<p>Dos nuevos h\u00e9roes, Lauka y Vai, dos vampiros ogros-dragones<a>-shaggoth<\/a>, o yo que se. No se que decir sobre la mini, no est\u00e1 mal pero\u2026 el punto de conexi\u00f3n me parece un poco raro, porque ves las piernas del drag\u00f3n, gruesas como las de un culturista, las alas enormes, y all\u00ed donde tocar\u00eda estar la cabeza le sal\u00e9 el cuerpo y no s\u00e9. Me parece como raro. La verdad, me habr\u00eda molado que usando el cuerpo del drag\u00f3n, vampiro o lo que se suponga que sea la parte de abaj\u00f3, hubieran esculpido una bestia de verdad. Le hubieran puesto una cabeza de drag\u00f3n, de murci\u00e9lago o de vampiro, y me habr\u00eda gustado m\u00e1s.<\/p>\n\n\n\n<figure class=\"wp-block-image size-large\"><img loading=\"lazy\" decoding=\"async\" width=\"1000\" height=\"1000\" src=\"https:\/\/cargad.com\/wp-content\/uploads\/2021\/05\/qyfEfTbzAZzZKsN0.jpg\" alt=\"\" class=\"wp-image-73731\" srcset=\"https:\/\/cargad.com\/wp-content\/uploads\/2021\/05\/qyfEfTbzAZzZKsN0.jpg 1000w, https:\/\/cargad.com\/wp-content\/uploads\/2021\/05\/qyfEfTbzAZzZKsN0-300x300.jpg 300w, https:\/\/cargad.com\/wp-content\/uploads\/2021\/05\/qyfEfTbzAZzZKsN0-150x150.jpg 150w\" sizes=\"auto, (max-width: 1000px) 100vw, 1000px\" \/><\/figure>\n\n\n\n<p>Si Lauka me gusta, pero tampoco me apasiona, con su marido Vai cre\u00f3 que la han cagado un poco. No se si es el pintado, pero \u00bfesta bostezando? Eso s\u00ed, es educado, se tapa la boca con la mano mientras da el bostezo, como un se\u00f1or. No s\u00e9, s\u00e9 que la habr\u00e1n esculpido con la intenci\u00f3n de que parezca que hace alg\u00fan tipo de discurso o algo, ah\u00ed con la man\u00f3 levantada, de forma elocuente, pero por mucho que intente verlo como eso, es imposible quitarme la imagen de que es un calvo medio drag\u00f3n dando un bostezo ma\u00f1anero.<\/p>\n\n\n\n<p><strong><u>Radukar:<\/u><\/strong><\/p>\n\n\n\n<figure class=\"wp-block-image size-large\"><img loading=\"lazy\" decoding=\"async\" width=\"1000\" height=\"1000\" src=\"https:\/\/cargad.com\/wp-content\/uploads\/2021\/05\/YNFy1xGp6XbGAgmu.jpg\" alt=\"\" class=\"wp-image-73732\" srcset=\"https:\/\/cargad.com\/wp-content\/uploads\/2021\/05\/YNFy1xGp6XbGAgmu.jpg 1000w, https:\/\/cargad.com\/wp-content\/uploads\/2021\/05\/YNFy1xGp6XbGAgmu-300x300.jpg 300w, https:\/\/cargad.com\/wp-content\/uploads\/2021\/05\/YNFy1xGp6XbGAgmu-150x150.jpg 150w\" sizes=\"auto, (max-width: 1000px) 100vw, 1000px\" \/><\/figure>\n\n\n\n<p>Siguiente, Radukar el ogro-vampiro-hombre lobo, o gigante-vampiro-hombre lobo, no s\u00e9, los que sep\u00e1is mas del tema ya me lo aclarareis.<\/p>\n\n\n\n<p>Pues esta mini me gusta, junto con el dios de la destrucci\u00f3n, de lo mejor de las revelaciones de ayer.<\/p>\n\n\n\n<p>No s\u00e9, es grandote, tiene una postura intimidante, la capa de lobo mola. Me gusta. Me parece un poco raro lo de el vampiro-hombre lobo ese que le recoge sangre con el c\u00e1liz. Interpreto que ser\u00e1 la de alguna v\u00edctima, pero no s\u00e9, me parece un poco raro, no me acaba de gustar. Adem\u00e1s es que desentona un poco, porque parece como si a Radukar le importara un bledo que el otro este por ah\u00ed pululando. No s\u00e9, molar\u00eda que lo estuviera mirando, o alg\u00fan gesto que hiciera parecer que ambas minis est\u00e1n, como m\u00e1s, no s\u00e9 c\u00f3mo decirlo, compenetradas en lo que est\u00e1n haciendo. Es como si alguien hubiera cogido dos minis diferentes y la hubiera juntado mediante una conversi\u00f3n.<\/p>\n\n\n\n<p>No es que me desagrade del todo, la mini me encanta, pero ese detalle, no s\u00e9, no lo acabo de ver.<\/p>\n\n\n\n<p><strong><u>Belladamma.<\/u><\/strong><\/p>\n\n\n\n<figure class=\"wp-block-image size-large\"><img loading=\"lazy\" decoding=\"async\" width=\"1000\" height=\"1000\" src=\"https:\/\/cargad.com\/wp-content\/uploads\/2021\/05\/48fOJYW0DP19RHFl.jpg\" alt=\"\" class=\"wp-image-73733\" srcset=\"https:\/\/cargad.com\/wp-content\/uploads\/2021\/05\/48fOJYW0DP19RHFl.jpg 1000w, https:\/\/cargad.com\/wp-content\/uploads\/2021\/05\/48fOJYW0DP19RHFl-300x300.jpg 300w, https:\/\/cargad.com\/wp-content\/uploads\/2021\/05\/48fOJYW0DP19RHFl-150x150.jpg 150w\" sizes=\"auto, (max-width: 1000px) 100vw, 1000px\" \/><\/figure>\n\n\n\n<p>No todas las novedades ten\u00edan que ser monstruos gigantescos. En este caso otro h\u00e9roe, un vampiro que en su tiempo deb\u00eda ser una preciosidad, pero con el tiempo parece que ha envejecido mal, porque de bella&nbsp; no tiene mucho. Me parece raro, porque los vampiros viven eternamente, aunque bueno, quiz\u00e1s le picaron cuando ya era un vejestorio.<\/p>\n\n\n\n<p>Pues no se que comentar. Los lobos me gustan, belladama no est\u00e1 mal, pero tampoco es que me llame mucho la atenci\u00f3n. Veo potencial en la mini, porque la base, con los dos lobos, la roca, y tal me gusta bastante, y cambiando a belladama por otro tipo de jinete creo que puede quedar algo chulo.<\/p>\n\n\n\n<p><strong><u>Lobos temibles, zombis, espectrales o como quer\u00e1is llamarlos.<\/u><\/strong><\/p>\n\n\n\n<div class=\"wp-block-columns is-layout-flex wp-container-core-columns-is-layout-9d6595d7 wp-block-columns-is-layout-flex\">\n<div class=\"wp-block-column is-layout-flow wp-block-column-is-layout-flow\" style=\"flex-basis:100%\">\n<figure class=\"wp-block-jetpack-image-compare\"><div class=\"juxtapose\" data-mode=\"horizontal\"><img loading=\"lazy\" decoding=\"async\" id=\"73734\" src=\"https:\/\/cargad.com\/wp-content\/uploads\/2021\/05\/Aa82EaWfUW8CafiF.jpg\" alt=\"\" width=\"1000\" height=\"479\" class=\"image-compare__image-before\" \/><img loading=\"lazy\" decoding=\"async\" id=\"73735\" src=\"https:\/\/cargad.com\/wp-content\/uploads\/2021\/05\/Lobos_Espectrales_Mini.jpg\" alt=\"\" width=\"873\" height=\"627\" class=\"image-compare__image-after\" \/><\/div><\/figure>\n<\/div>\n<\/div>\n\n\n\n<p>Es la novedad mas usable para los que jugu\u00e9is manuscritos de nuth, warhammer refogerd o la versi\u00f3n de fantasy que sea. Se trata de una actualizaci\u00f3n de los antiguos.<\/p>\n\n\n\n<p>Los viejunos no estaban mal, aunque pecaban de los errores propios de esa \u00e9poca, al estar pensados para formar parte de una formaci\u00f3n, les falta cierta \u201cindividualidad\u201d. Tambi\u00e9n ten\u00edan unos cabezones que madre m\u00eda.<\/p>\n\n\n\n<p>Una actualizaci\u00f3n buena, creo que han ganado con el cambio, se les ve m\u00e1s \u00e1giles y aterradores, m\u00e1s lobos. Son minis que comprar\u00eda la verdad, si tuviera dinero y tiempo, cosa que ahora mismo me falta.<\/p>\n\n\n\n<p>Miniatura sencillas. Evidentemente mola mas un dios medio toro de tres palmos de altura, pero estos, dentro de lo que son, unidades normales, a un precio evidentemente menor, pues, para m\u00ed, la mejor novedad del d\u00eda. A veces, menos es m\u00e1s.<\/p>\n\n\n\n<p>Y nada, poco m\u00e1s que comentar \u00bfha vosotros que os ha parecido? \u00bfCu\u00e1l os ha gustado m\u00e1s? \u00bfy cual menos?<\/p>\n","protected":false},"excerpt":{"rendered":"<p>\u00bfQu\u00e9 tal compa\u00f1eros de Cargad? Pues como muchos sabr\u00e9is estamos en plena warhammer fest, lo que significa que habr\u00e1 una preview casi cada d\u00eda de la semana. En fin, supongo que toca comentar un poco lo visto ayer, y dar <a class=\"more-link\" href=\"https:\/\/cargad.com\/index.php\/2021\/05\/04\/actualidad-un-tal-kragnos-y-algo-mas\/\">Seguir leyendo <span class=\"screen-reader-text\">  [Actualidad] Un tal Kragnos y algo m\u00e1s.<\/span><span class=\"meta-nav\">&rarr;<\/span><\/a><\/p>\n","protected":false},"author":2393,"featured_media":73727,"comment_status":"open","ping_status":"open","sticky":false,"template":"","format":"standard","meta":{"om_disable_all_campaigns":false,"_monsterinsights_skip_tracking":false,"_monsterinsights_sitenote_active":false,"_monsterinsights_sitenote_note":"","_monsterinsights_sitenote_category":0,"_jetpack_memberships_contains_paid_content":false,"footnotes":""},"categories":[13],"tags":[2477,2473,2474,2476,2475,2478],"class_list":["post-73725","post","type-post","status-publish","format-standard","has-post-thumbnail","hentry","category-novedades","tag-condes-vampiros","tag-kragnos","tag-lauka-y-vai","tag-lobos-espectrales","tag-radukar","tag-warhammer-aos"],"jetpack_featured_media_url":"https:\/\/cargad.com\/wp-content\/uploads\/2021\/05\/eaTtN7NJw1SBgzAE.jpg","jetpack_sharing_enabled":true,"jetpack_likes_enabled":true,"_links":{"self":[{"href":"https:\/\/cargad.com\/index.php\/wp-json\/wp\/v2\/posts\/73725","targetHints":{"allow":["GET"]}}],"collection":[{"href":"https:\/\/cargad.com\/index.php\/wp-json\/wp\/v2\/posts"}],"about":[{"href":"https:\/\/cargad.com\/index.php\/wp-json\/wp\/v2\/types\/post"}],"author":[{"embeddable":true,"href":"https:\/\/cargad.com\/index.php\/wp-json\/wp\/v2\/users\/2393"}],"replies":[{"embeddable":true,"href":"https:\/\/cargad.com\/index.php\/wp-json\/wp\/v2\/comments?post=73725"}],"version-history":[{"count":3,"href":"https:\/\/cargad.com\/index.php\/wp-json\/wp\/v2\/posts\/73725\/revisions"}],"predecessor-version":[{"id":73743,"href":"https:\/\/cargad.com\/index.php\/wp-json\/wp\/v2\/posts\/73725\/revisions\/73743"}],"wp:featuredmedia":[{"embeddable":true,"href":"https:\/\/cargad.com\/index.php\/wp-json\/wp\/v2\/media\/73727"}],"wp:attachment":[{"href":"https:\/\/cargad.com\/index.php\/wp-json\/wp\/v2\/media?parent=73725"}],"wp:term":[{"taxonomy":"category","embeddable":true,"href":"https:\/\/cargad.com\/index.php\/wp-json\/wp\/v2\/categories?post=73725"},{"taxonomy":"post_tag","embeddable":true,"href":"https:\/\/cargad.com\/index.php\/wp-json\/wp\/v2\/tags?post=73725"}],"curies":[{"name":"wp","href":"https:\/\/api.w.org\/{rel}","templated":true}]}}