{"id":87921,"date":"2023-04-20T08:00:00","date_gmt":"2023-04-20T07:00:00","guid":{"rendered":"https:\/\/cargad.com\/?p=87921"},"modified":"2023-04-18T17:42:54","modified_gmt":"2023-04-18T16:42:54","slug":"escalada-arboles-y-vallas-para-exploradores","status":"publish","type":"post","link":"https:\/\/cargad.com\/index.php\/2023\/04\/20\/escalada-arboles-y-vallas-para-exploradores\/","title":{"rendered":"[Escalada] \u00c1rboles y Vallas para Exploradores"},"content":{"rendered":"\n<figure class=\"wp-block-image\"><img loading=\"lazy\" decoding=\"async\" width=\"894\" height=\"193\" src=\"https:\/\/cargad.com\/wp-content\/uploads\/2021\/04\/escalada-banner.jpg\" alt=\"\" class=\"wp-image-72641\" srcset=\"https:\/\/cargad.com\/wp-content\/uploads\/2021\/04\/escalada-banner.jpg 894w, https:\/\/cargad.com\/wp-content\/uploads\/2021\/04\/escalada-banner-300x65.jpg 300w, https:\/\/cargad.com\/wp-content\/uploads\/2021\/04\/escalada-banner-150x32.jpg 150w\" sizes=\"auto, (max-width: 894px) 100vw, 894px\" \/><\/figure>\n\n\n\n<p>Saludos, Exploradores de las Profundidades Sombr\u00edas. M\u00e1s cositas pintadas para jugar a Exploradores de las Profundidades Sombr\u00edas, siguiendo la\u00a0<strong><em><a rel=\"noreferrer noopener\" href=\"https:\/\/cargad.com\/index.php\/2021\/11\/08\/juego-exploradores-de-las-profundidades-lista-de-la-compra-y-cola-de-pintura\/\" target=\"_blank\">lista de la compra y pintura<\/a><\/em><\/strong>\u00a0que publiqu\u00e9 hace bastante.<\/p>\n\n\n\n<p>En esta ocasi\u00f3n se trata de las vallas y muros de warhammer sexta edici\u00f3n, junto a unos \u00e1rboles y muretes de mantic \u00af\\_(\u30c4)_\/\u00af. <\/p>\n\n\n\n<figure class=\"wp-block-image size-large\"><a href=\"https:\/\/cargad.com\/wp-content\/uploads\/2023\/04\/arboles-y-vallas-01.jpg\"><img loading=\"lazy\" decoding=\"async\" width=\"1010\" height=\"1024\" src=\"https:\/\/cargad.com\/wp-content\/uploads\/2023\/04\/arboles-y-vallas-01-1010x1024.jpg\" alt=\"\" class=\"wp-image-87922\" srcset=\"https:\/\/cargad.com\/wp-content\/uploads\/2023\/04\/arboles-y-vallas-01-1010x1024.jpg 1010w, https:\/\/cargad.com\/wp-content\/uploads\/2023\/04\/arboles-y-vallas-01-296x300.jpg 296w, https:\/\/cargad.com\/wp-content\/uploads\/2023\/04\/arboles-y-vallas-01-148x150.jpg 148w, https:\/\/cargad.com\/wp-content\/uploads\/2023\/04\/arboles-y-vallas-01.jpg 1024w\" sizes=\"auto, (max-width: 1010px) 100vw, 1010px\" \/><\/a><\/figure>\n\n\n\n<!--more-->\n\n\n\n<p>Estos \u00e1rboles son de la gama terraincrate de mantic. Son de pvc, sencillotes y resultones si lo que buscas son \u00e1rboles t\u00e9tricos de pantano pocho. <\/p>\n\n\n\n<figure class=\"wp-block-image size-full\"><a href=\"https:\/\/cargad.com\/wp-content\/uploads\/2023\/04\/arboles-y-vallas-02.jpg\"><img loading=\"lazy\" decoding=\"async\" width=\"1024\" height=\"981\" src=\"https:\/\/cargad.com\/wp-content\/uploads\/2023\/04\/arboles-y-vallas-02.jpg\" alt=\"\" class=\"wp-image-87924\" srcset=\"https:\/\/cargad.com\/wp-content\/uploads\/2023\/04\/arboles-y-vallas-02.jpg 1024w, https:\/\/cargad.com\/wp-content\/uploads\/2023\/04\/arboles-y-vallas-02-300x287.jpg 300w, https:\/\/cargad.com\/wp-content\/uploads\/2023\/04\/arboles-y-vallas-02-150x144.jpg 150w\" sizes=\"auto, (max-width: 1024px) 100vw, 1024px\" \/><\/a><\/figure>\n\n\n\n<figure class=\"wp-block-image size-full\"><a href=\"https:\/\/cargad.com\/wp-content\/uploads\/2023\/04\/arboles-y-vallas-03.jpg\"><img loading=\"lazy\" decoding=\"async\" width=\"1024\" height=\"675\" src=\"https:\/\/cargad.com\/wp-content\/uploads\/2023\/04\/arboles-y-vallas-03.jpg\" alt=\"\" class=\"wp-image-87923\" srcset=\"https:\/\/cargad.com\/wp-content\/uploads\/2023\/04\/arboles-y-vallas-03.jpg 1024w, https:\/\/cargad.com\/wp-content\/uploads\/2023\/04\/arboles-y-vallas-03-300x198.jpg 300w, https:\/\/cargad.com\/wp-content\/uploads\/2023\/04\/arboles-y-vallas-03-150x99.jpg 150w\" sizes=\"auto, (max-width: 1024px) 100vw, 1024px\" \/><\/a><\/figure>\n\n\n\n<p>Seguimos con los maravillosos muretes y vallas de warhammer sexta edici\u00f3n, que tienen un chorre\u00f3n de a\u00f1os y son mucho mejores que los que sac\u00f3 mantic hace pocos a\u00f1os. El relieve y detalle es ideal para pintarlo a pinceles secos, y con un lavado de verd\u00edn o marr\u00f3n para manchurrear, quedan muy majetes. <\/p>\n\n\n\n<figure class=\"wp-block-image size-large\"><a href=\"https:\/\/cargad.com\/wp-content\/uploads\/2023\/04\/arboles-y-vallas-04.jpg\"><img loading=\"lazy\" decoding=\"async\" width=\"1024\" height=\"240\" src=\"https:\/\/cargad.com\/wp-content\/uploads\/2023\/04\/arboles-y-vallas-04.jpg\" alt=\"\" class=\"wp-image-87925\" srcset=\"https:\/\/cargad.com\/wp-content\/uploads\/2023\/04\/arboles-y-vallas-04.jpg 1024w, https:\/\/cargad.com\/wp-content\/uploads\/2023\/04\/arboles-y-vallas-04-300x70.jpg 300w, https:\/\/cargad.com\/wp-content\/uploads\/2023\/04\/arboles-y-vallas-04-150x35.jpg 150w\" sizes=\"auto, (max-width: 1024px) 100vw, 1024px\" \/><\/a><\/figure>\n\n\n\n<figure class=\"wp-block-image size-large\"><a href=\"https:\/\/cargad.com\/wp-content\/uploads\/2023\/04\/arboles-y-vallas-05.jpg\"><img loading=\"lazy\" decoding=\"async\" width=\"1024\" height=\"254\" src=\"https:\/\/cargad.com\/wp-content\/uploads\/2023\/04\/arboles-y-vallas-05.jpg\" alt=\"\" class=\"wp-image-87926\" srcset=\"https:\/\/cargad.com\/wp-content\/uploads\/2023\/04\/arboles-y-vallas-05.jpg 1024w, https:\/\/cargad.com\/wp-content\/uploads\/2023\/04\/arboles-y-vallas-05-300x74.jpg 300w, https:\/\/cargad.com\/wp-content\/uploads\/2023\/04\/arboles-y-vallas-05-150x37.jpg 150w\" sizes=\"auto, (max-width: 1024px) 100vw, 1024px\" \/><\/a><\/figure>\n\n\n\n<figure class=\"wp-block-image size-large\"><a href=\"https:\/\/cargad.com\/wp-content\/uploads\/2023\/04\/arboles-y-vallas-06.jpg\"><img loading=\"lazy\" decoding=\"async\" width=\"1024\" height=\"444\" src=\"https:\/\/cargad.com\/wp-content\/uploads\/2023\/04\/arboles-y-vallas-06.jpg\" alt=\"\" class=\"wp-image-87927\" srcset=\"https:\/\/cargad.com\/wp-content\/uploads\/2023\/04\/arboles-y-vallas-06.jpg 1024w, https:\/\/cargad.com\/wp-content\/uploads\/2023\/04\/arboles-y-vallas-06-300x130.jpg 300w, https:\/\/cargad.com\/wp-content\/uploads\/2023\/04\/arboles-y-vallas-06-150x65.jpg 150w\" sizes=\"auto, (max-width: 1024px) 100vw, 1024px\" \/><\/a><\/figure>\n\n\n\n<figure class=\"wp-block-image size-large\"><a href=\"https:\/\/cargad.com\/wp-content\/uploads\/2023\/04\/arboles-y-vallas-07.jpg\"><img loading=\"lazy\" decoding=\"async\" width=\"1024\" height=\"225\" src=\"https:\/\/cargad.com\/wp-content\/uploads\/2023\/04\/arboles-y-vallas-07.jpg\" alt=\"\" class=\"wp-image-87928\" srcset=\"https:\/\/cargad.com\/wp-content\/uploads\/2023\/04\/arboles-y-vallas-07.jpg 1024w, https:\/\/cargad.com\/wp-content\/uploads\/2023\/04\/arboles-y-vallas-07-300x66.jpg 300w, https:\/\/cargad.com\/wp-content\/uploads\/2023\/04\/arboles-y-vallas-07-150x33.jpg 150w\" sizes=\"auto, (max-width: 1024px) 100vw, 1024px\" \/><\/a><\/figure>\n\n\n\n<figure class=\"wp-block-image size-large\"><a href=\"https:\/\/cargad.com\/wp-content\/uploads\/2023\/04\/arboles-y-vallas-08.jpg\"><img loading=\"lazy\" decoding=\"async\" width=\"1024\" height=\"238\" src=\"https:\/\/cargad.com\/wp-content\/uploads\/2023\/04\/arboles-y-vallas-08.jpg\" alt=\"\" class=\"wp-image-87929\" srcset=\"https:\/\/cargad.com\/wp-content\/uploads\/2023\/04\/arboles-y-vallas-08.jpg 1024w, https:\/\/cargad.com\/wp-content\/uploads\/2023\/04\/arboles-y-vallas-08-300x70.jpg 300w, https:\/\/cargad.com\/wp-content\/uploads\/2023\/04\/arboles-y-vallas-08-150x35.jpg 150w\" sizes=\"auto, (max-width: 1024px) 100vw, 1024px\" \/><\/a><\/figure>\n\n\n\n<figure class=\"wp-block-image size-large\"><a href=\"https:\/\/cargad.com\/wp-content\/uploads\/2023\/04\/arboles-y-vallas-09.jpg\"><img loading=\"lazy\" decoding=\"async\" width=\"1024\" height=\"244\" src=\"https:\/\/cargad.com\/wp-content\/uploads\/2023\/04\/arboles-y-vallas-09.jpg\" alt=\"\" class=\"wp-image-87930\" srcset=\"https:\/\/cargad.com\/wp-content\/uploads\/2023\/04\/arboles-y-vallas-09.jpg 1024w, https:\/\/cargad.com\/wp-content\/uploads\/2023\/04\/arboles-y-vallas-09-300x71.jpg 300w, https:\/\/cargad.com\/wp-content\/uploads\/2023\/04\/arboles-y-vallas-09-150x36.jpg 150w\" sizes=\"auto, (max-width: 1024px) 100vw, 1024px\" \/><\/a><\/figure>\n\n\n\n<figure class=\"wp-block-image size-large\"><a href=\"https:\/\/cargad.com\/wp-content\/uploads\/2023\/04\/arboles-y-vallas-15.jpg\"><img loading=\"lazy\" decoding=\"async\" width=\"1024\" height=\"784\" src=\"https:\/\/cargad.com\/wp-content\/uploads\/2023\/04\/arboles-y-vallas-15.jpg\" alt=\"\" class=\"wp-image-87931\" srcset=\"https:\/\/cargad.com\/wp-content\/uploads\/2023\/04\/arboles-y-vallas-15.jpg 1024w, https:\/\/cargad.com\/wp-content\/uploads\/2023\/04\/arboles-y-vallas-15-300x230.jpg 300w, https:\/\/cargad.com\/wp-content\/uploads\/2023\/04\/arboles-y-vallas-15-150x115.jpg 150w\" sizes=\"auto, (max-width: 1024px) 100vw, 1024px\" \/><\/a><\/figure>\n\n\n\n<figure class=\"wp-block-image size-large\"><a href=\"https:\/\/cargad.com\/wp-content\/uploads\/2023\/04\/arboles-y-vallas-17.jpg\"><img loading=\"lazy\" decoding=\"async\" width=\"1024\" height=\"761\" src=\"https:\/\/cargad.com\/wp-content\/uploads\/2023\/04\/arboles-y-vallas-17.jpg\" alt=\"\" class=\"wp-image-87932\" srcset=\"https:\/\/cargad.com\/wp-content\/uploads\/2023\/04\/arboles-y-vallas-17.jpg 1024w, https:\/\/cargad.com\/wp-content\/uploads\/2023\/04\/arboles-y-vallas-17-300x223.jpg 300w, https:\/\/cargad.com\/wp-content\/uploads\/2023\/04\/arboles-y-vallas-17-150x111.jpg 150w\" sizes=\"auto, (max-width: 1024px) 100vw, 1024px\" \/><\/a><\/figure>\n\n\n\n<figure class=\"wp-block-image size-large\"><a href=\"https:\/\/cargad.com\/wp-content\/uploads\/2023\/04\/arboles-y-vallas-20.jpg\"><img loading=\"lazy\" decoding=\"async\" width=\"1024\" height=\"436\" src=\"https:\/\/cargad.com\/wp-content\/uploads\/2023\/04\/arboles-y-vallas-20.jpg\" alt=\"\" class=\"wp-image-87934\" srcset=\"https:\/\/cargad.com\/wp-content\/uploads\/2023\/04\/arboles-y-vallas-20.jpg 1024w, https:\/\/cargad.com\/wp-content\/uploads\/2023\/04\/arboles-y-vallas-20-300x128.jpg 300w, https:\/\/cargad.com\/wp-content\/uploads\/2023\/04\/arboles-y-vallas-20-150x64.jpg 150w\" sizes=\"auto, (max-width: 1024px) 100vw, 1024px\" \/><\/a><\/figure>\n\n\n\n<figure class=\"wp-block-image size-large\"><a href=\"https:\/\/cargad.com\/wp-content\/uploads\/2023\/04\/arboles-y-vallas-22.jpg\"><img loading=\"lazy\" decoding=\"async\" width=\"1024\" height=\"613\" src=\"https:\/\/cargad.com\/wp-content\/uploads\/2023\/04\/arboles-y-vallas-22.jpg\" alt=\"\" class=\"wp-image-87935\" srcset=\"https:\/\/cargad.com\/wp-content\/uploads\/2023\/04\/arboles-y-vallas-22.jpg 1024w, https:\/\/cargad.com\/wp-content\/uploads\/2023\/04\/arboles-y-vallas-22-300x180.jpg 300w, https:\/\/cargad.com\/wp-content\/uploads\/2023\/04\/arboles-y-vallas-22-150x90.jpg 150w\" sizes=\"auto, (max-width: 1024px) 100vw, 1024px\" \/><\/a><\/figure>\n\n\n\n<figure class=\"wp-block-image size-large\"><a href=\"https:\/\/cargad.com\/wp-content\/uploads\/2023\/04\/arboles-y-vallas-19.jpg\"><img loading=\"lazy\" decoding=\"async\" width=\"1024\" height=\"421\" src=\"https:\/\/cargad.com\/wp-content\/uploads\/2023\/04\/arboles-y-vallas-19.jpg\" alt=\"\" class=\"wp-image-87933\" srcset=\"https:\/\/cargad.com\/wp-content\/uploads\/2023\/04\/arboles-y-vallas-19.jpg 1024w, https:\/\/cargad.com\/wp-content\/uploads\/2023\/04\/arboles-y-vallas-19-300x123.jpg 300w, https:\/\/cargad.com\/wp-content\/uploads\/2023\/04\/arboles-y-vallas-19-150x62.jpg 150w\" sizes=\"auto, (max-width: 1024px) 100vw, 1024px\" \/><\/a><\/figure>\n\n\n\n<blockquote class=\"wp-block-quote is-layout-flow wp-block-quote-is-layout-flow\"><p>\u00bfTe puedes creer que en veintipico a\u00f1os no me hab\u00eda fijado que debajo del tronco hay un trasgo escondido?<\/p><\/blockquote>\n\n\n\n<p>Le llega el turno a los muretes de mantic, que sacaron hace unos pocos a\u00f1os en una preventa. Para haber salido bastantes a\u00f1os despu\u00e9s que los de GW, son bastante pobres en material y dise\u00f1o. Adem\u00e1s a la mayor\u00eda les he tenido que poner una base de tablerillo, porque no incluyen propia base. <\/p>\n\n\n\n<figure class=\"wp-block-image size-large\"><a href=\"https:\/\/cargad.com\/wp-content\/uploads\/2023\/04\/arboles-y-vallas-10.jpg\"><img loading=\"lazy\" decoding=\"async\" width=\"1024\" height=\"288\" src=\"https:\/\/cargad.com\/wp-content\/uploads\/2023\/04\/arboles-y-vallas-10.jpg\" alt=\"\" class=\"wp-image-87936\" srcset=\"https:\/\/cargad.com\/wp-content\/uploads\/2023\/04\/arboles-y-vallas-10.jpg 1024w, https:\/\/cargad.com\/wp-content\/uploads\/2023\/04\/arboles-y-vallas-10-300x84.jpg 300w, https:\/\/cargad.com\/wp-content\/uploads\/2023\/04\/arboles-y-vallas-10-150x42.jpg 150w\" sizes=\"auto, (max-width: 1024px) 100vw, 1024px\" \/><\/a><\/figure>\n\n\n\n<figure class=\"wp-block-image size-large\"><a href=\"https:\/\/cargad.com\/wp-content\/uploads\/2023\/04\/arboles-y-vallas-11.jpg\"><img loading=\"lazy\" decoding=\"async\" width=\"1024\" height=\"296\" src=\"https:\/\/cargad.com\/wp-content\/uploads\/2023\/04\/arboles-y-vallas-11.jpg\" alt=\"\" class=\"wp-image-87937\" srcset=\"https:\/\/cargad.com\/wp-content\/uploads\/2023\/04\/arboles-y-vallas-11.jpg 1024w, https:\/\/cargad.com\/wp-content\/uploads\/2023\/04\/arboles-y-vallas-11-300x87.jpg 300w, https:\/\/cargad.com\/wp-content\/uploads\/2023\/04\/arboles-y-vallas-11-150x43.jpg 150w\" sizes=\"auto, (max-width: 1024px) 100vw, 1024px\" \/><\/a><\/figure>\n\n\n\n<figure class=\"wp-block-image size-large\"><a href=\"https:\/\/cargad.com\/wp-content\/uploads\/2023\/04\/arboles-y-vallas-12.jpg\"><img loading=\"lazy\" decoding=\"async\" width=\"1024\" height=\"320\" src=\"https:\/\/cargad.com\/wp-content\/uploads\/2023\/04\/arboles-y-vallas-12.jpg\" alt=\"\" class=\"wp-image-87938\" srcset=\"https:\/\/cargad.com\/wp-content\/uploads\/2023\/04\/arboles-y-vallas-12.jpg 1024w, https:\/\/cargad.com\/wp-content\/uploads\/2023\/04\/arboles-y-vallas-12-300x94.jpg 300w, https:\/\/cargad.com\/wp-content\/uploads\/2023\/04\/arboles-y-vallas-12-150x47.jpg 150w\" sizes=\"auto, (max-width: 1024px) 100vw, 1024px\" \/><\/a><\/figure>\n\n\n\n<figure class=\"wp-block-image size-large\"><a href=\"https:\/\/cargad.com\/wp-content\/uploads\/2023\/04\/arboles-y-vallas-13.jpg\"><img loading=\"lazy\" decoding=\"async\" width=\"1024\" height=\"313\" src=\"https:\/\/cargad.com\/wp-content\/uploads\/2023\/04\/arboles-y-vallas-13.jpg\" alt=\"\" class=\"wp-image-87939\" srcset=\"https:\/\/cargad.com\/wp-content\/uploads\/2023\/04\/arboles-y-vallas-13.jpg 1024w, https:\/\/cargad.com\/wp-content\/uploads\/2023\/04\/arboles-y-vallas-13-300x92.jpg 300w, https:\/\/cargad.com\/wp-content\/uploads\/2023\/04\/arboles-y-vallas-13-150x46.jpg 150w\" sizes=\"auto, (max-width: 1024px) 100vw, 1024px\" \/><\/a><\/figure>\n\n\n\n<figure class=\"wp-block-image size-large\"><a href=\"https:\/\/cargad.com\/wp-content\/uploads\/2023\/04\/arboles-y-vallas-14.jpg\"><img loading=\"lazy\" decoding=\"async\" width=\"1024\" height=\"334\" src=\"https:\/\/cargad.com\/wp-content\/uploads\/2023\/04\/arboles-y-vallas-14.jpg\" alt=\"\" class=\"wp-image-87940\" srcset=\"https:\/\/cargad.com\/wp-content\/uploads\/2023\/04\/arboles-y-vallas-14.jpg 1024w, https:\/\/cargad.com\/wp-content\/uploads\/2023\/04\/arboles-y-vallas-14-300x98.jpg 300w, https:\/\/cargad.com\/wp-content\/uploads\/2023\/04\/arboles-y-vallas-14-150x49.jpg 150w\" sizes=\"auto, (max-width: 1024px) 100vw, 1024px\" \/><\/a><\/figure>\n\n\n\n<figure class=\"wp-block-image size-large\"><a href=\"https:\/\/cargad.com\/wp-content\/uploads\/2023\/04\/arboles-y-vallas-16.jpg\"><img loading=\"lazy\" decoding=\"async\" width=\"1024\" height=\"874\" src=\"https:\/\/cargad.com\/wp-content\/uploads\/2023\/04\/arboles-y-vallas-16.jpg\" alt=\"\" class=\"wp-image-87941\" srcset=\"https:\/\/cargad.com\/wp-content\/uploads\/2023\/04\/arboles-y-vallas-16.jpg 1024w, https:\/\/cargad.com\/wp-content\/uploads\/2023\/04\/arboles-y-vallas-16-300x256.jpg 300w, https:\/\/cargad.com\/wp-content\/uploads\/2023\/04\/arboles-y-vallas-16-150x128.jpg 150w\" sizes=\"auto, (max-width: 1024px) 100vw, 1024px\" \/><\/a><\/figure>\n\n\n\n<figure class=\"wp-block-image size-large\"><a href=\"https:\/\/cargad.com\/wp-content\/uploads\/2023\/04\/arboles-y-vallas-18.jpg\"><img loading=\"lazy\" decoding=\"async\" width=\"1024\" height=\"559\" src=\"https:\/\/cargad.com\/wp-content\/uploads\/2023\/04\/arboles-y-vallas-18.jpg\" alt=\"\" class=\"wp-image-87942\" srcset=\"https:\/\/cargad.com\/wp-content\/uploads\/2023\/04\/arboles-y-vallas-18.jpg 1024w, https:\/\/cargad.com\/wp-content\/uploads\/2023\/04\/arboles-y-vallas-18-300x164.jpg 300w, https:\/\/cargad.com\/wp-content\/uploads\/2023\/04\/arboles-y-vallas-18-150x82.jpg 150w\" sizes=\"auto, (max-width: 1024px) 100vw, 1024px\" \/><\/a><\/figure>\n\n\n\n<figure class=\"wp-block-image size-large\"><a href=\"https:\/\/cargad.com\/wp-content\/uploads\/2023\/04\/arboles-y-vallas-21.jpg\"><img loading=\"lazy\" decoding=\"async\" width=\"1024\" height=\"506\" src=\"https:\/\/cargad.com\/wp-content\/uploads\/2023\/04\/arboles-y-vallas-21.jpg\" alt=\"\" class=\"wp-image-87943\" srcset=\"https:\/\/cargad.com\/wp-content\/uploads\/2023\/04\/arboles-y-vallas-21.jpg 1024w, https:\/\/cargad.com\/wp-content\/uploads\/2023\/04\/arboles-y-vallas-21-300x148.jpg 300w, https:\/\/cargad.com\/wp-content\/uploads\/2023\/04\/arboles-y-vallas-21-150x74.jpg 150w\" sizes=\"auto, (max-width: 1024px) 100vw, 1024px\" \/><\/a><\/figure>\n\n\n\n<p>Dejo enlaces a lo que llevo pintado para Exploradores, por si quieres echar un vistazo.&nbsp;<\/p>\n\n\n\n<ul class=\"wp-block-list\"><li><strong><em><a rel=\"noreferrer noopener\" href=\"https:\/\/cargad.com\/index.php\/2022\/06\/21\/escalada-insectos-para-exploradores\/\" target=\"_blank\">Insectos<\/a><\/em><\/strong><\/li><li><strong><em><a rel=\"noreferrer noopener\" href=\"https:\/\/cargad.com\/index.php\/2022\/06\/13\/escalada-campesinos-para-exploradores\/\" target=\"_blank\">Campesinos<\/a><\/em><\/strong><\/li><li><strong><em><a rel=\"noreferrer noopener\" href=\"https:\/\/cargad.com\/index.php\/2022\/05\/23\/escalada-zombis-para-exploradores-regala-vida\/\" target=\"_blank\">Zombis<\/a><\/em><\/strong><\/li><li><strong><em><a rel=\"noreferrer noopener\" href=\"https:\/\/cargad.com\/index.php\/2022\/10\/09\/escalada-rocas-para-exploradores\/\" target=\"_blank\">Rocas<\/a><\/em><\/strong><\/li><li><strong><em><a rel=\"noreferrer noopener\" href=\"https:\/\/cargad.com\/index.php\/2022\/12\/06\/escalada-fichas-y-objetivos-para-exploradores\/\" target=\"_blank\">Fichas y marcadores<\/a><\/em><\/strong><\/li><li><strong><em><a rel=\"noreferrer noopener\" href=\"https:\/\/cargad.com\/index.php\/2023\/03\/02\/escalada-nidos-de-moscas-para-exploradores\/\" target=\"_blank\">Nidos de moscas<\/a><\/em><\/strong><\/li><li><a rel=\"noreferrer noopener\" href=\"https:\/\/cargad.com\/index.php\/2023\/03\/19\/escalada-trolls-para-exploradores\/\" target=\"_blank\"><strong><em>Trolls<\/em><\/strong><\/a><\/li><li><a rel=\"noreferrer noopener\" href=\"https:\/\/cargad.com\/index.php\/2023\/03\/30\/escalada-gusanos-para-exploradores\/\" target=\"_blank\"><strong><em>Gusanos<\/em><\/strong><\/a><\/li><li><strong><em><a rel=\"noreferrer noopener\" href=\"https:\/\/cargad.com\/index.php\/2023\/04\/05\/escalada-ruinas-para-exploradores\/\" target=\"_blank\">Ruinas<\/a><\/em><\/strong><\/li><li><strong><em>\u00c1rboles y Vallas<\/em><\/strong><\/li><\/ul>\n\n\n\n<p>Ea, a hacer cosas. Saludos y a pintar.<\/p>\n","protected":false},"excerpt":{"rendered":"<p>Saludos, Exploradores de las Profundidades Sombr\u00edas. M\u00e1s cositas pintadas para jugar a Exploradores de las Profundidades Sombr\u00edas, siguiendo la\u00a0lista de la compra y pintura\u00a0que publiqu\u00e9 hace bastante. En esta ocasi\u00f3n se trata de las vallas y muros de warhammer sexta <a class=\"more-link\" href=\"https:\/\/cargad.com\/index.php\/2023\/04\/20\/escalada-arboles-y-vallas-para-exploradores\/\">Seguir leyendo <span class=\"screen-reader-text\">  [Escalada] \u00c1rboles y Vallas para Exploradores<\/span><span class=\"meta-nav\">&rarr;<\/span><\/a><\/p>\n","protected":false},"author":840,"featured_media":87924,"comment_status":"open","ping_status":"open","sticky":false,"template":"","format":"standard","meta":{"om_disable_all_campaigns":false,"_monsterinsights_skip_tracking":false,"_monsterinsights_sitenote_active":false,"_monsterinsights_sitenote_note":"","_monsterinsights_sitenote_category":0,"_jetpack_memberships_contains_paid_content":false,"footnotes":""},"categories":[72],"tags":[2874,2594,402,100,2493,2615,2872,27,2873],"class_list":["post-87921","post","type-post","status-publish","format-standard","has-post-thumbnail","hentry","category-hobby","tag-arboles","tag-edlps","tag-escalada","tag-escenografia","tag-exploradores-de-las-profundidades-sombrias","tag-motivacion","tag-muros","tag-pintura","tag-vallas"],"jetpack_featured_media_url":"https:\/\/cargad.com\/wp-content\/uploads\/2023\/04\/arboles-y-vallas-02.jpg","jetpack_sharing_enabled":true,"jetpack_likes_enabled":true,"_links":{"self":[{"href":"https:\/\/cargad.com\/index.php\/wp-json\/wp\/v2\/posts\/87921","targetHints":{"allow":["GET"]}}],"collection":[{"href":"https:\/\/cargad.com\/index.php\/wp-json\/wp\/v2\/posts"}],"about":[{"href":"https:\/\/cargad.com\/index.php\/wp-json\/wp\/v2\/types\/post"}],"author":[{"embeddable":true,"href":"https:\/\/cargad.com\/index.php\/wp-json\/wp\/v2\/users\/840"}],"replies":[{"embeddable":true,"href":"https:\/\/cargad.com\/index.php\/wp-json\/wp\/v2\/comments?post=87921"}],"version-history":[{"count":2,"href":"https:\/\/cargad.com\/index.php\/wp-json\/wp\/v2\/posts\/87921\/revisions"}],"predecessor-version":[{"id":87945,"href":"https:\/\/cargad.com\/index.php\/wp-json\/wp\/v2\/posts\/87921\/revisions\/87945"}],"wp:featuredmedia":[{"embeddable":true,"href":"https:\/\/cargad.com\/index.php\/wp-json\/wp\/v2\/media\/87924"}],"wp:attachment":[{"href":"https:\/\/cargad.com\/index.php\/wp-json\/wp\/v2\/media?parent=87921"}],"wp:term":[{"taxonomy":"category","embeddable":true,"href":"https:\/\/cargad.com\/index.php\/wp-json\/wp\/v2\/categories?post=87921"},{"taxonomy":"post_tag","embeddable":true,"href":"https:\/\/cargad.com\/index.php\/wp-json\/wp\/v2\/tags?post=87921"}],"curies":[{"name":"wp","href":"https:\/\/api.w.org\/{rel}","templated":true}]}}